{"id":1472,"date":"2012-03-05T06:16:50","date_gmt":"2012-03-05T09:16:50","guid":{"rendered":"http:\/\/shinmuryodojo.com\/?p=1472"},"modified":"2020-09-04T18:16:07","modified_gmt":"2020-09-04T21:16:07","slug":"mma-saude-mental-e-fisica","status":"publish","type":"post","link":"https:\/\/shinmuryodojo.com\/en\/mma-saude-mental-e-fisica\/","title":{"rendered":"MMA &#8211; SA\u00daDE MENTAL E F\u00cdSICA?"},"content":{"rendered":"<div class=\"vc_row wpb_row vc_row-fluid\"><div class=\"wpb_column vc_column_container vc_col-sm-12\"><div class=\"vc_column-inner\"><div class=\"wpb_wrapper\">\n\t<div  class=\"wpb_single_image wpb_content_element vc_align_center  wpb_animate_when_almost_visible wpb_appear appear\">\n\t\t\n\t\t<figure class=\"wpb_wrapper vc_figure\">\n\t\t\t<a class=\"\" data-lightbox=\"lightbox[rel-1472-4053517395]\" href=\"https:\/\/shinmuryodojo.com\/wp-content\/uploads\/2016\/04\/mma.jpg\" target=\"_self\" class=\"vc_single_image-wrapper vc_box_rounded  vc_box_border_grey\"><img fetchpriority=\"high\" decoding=\"async\" width=\"395\" height=\"257\" src=\"https:\/\/shinmuryodojo.com\/wp-content\/uploads\/2016\/04\/mma.jpg\" class=\"vc_single_image-img attachment-full\" alt=\"\" title=\"\" srcset=\"https:\/\/shinmuryodojo.com\/wp-content\/uploads\/2016\/04\/mma.jpg 395w, https:\/\/shinmuryodojo.com\/wp-content\/uploads\/2016\/04\/mma-300x195.jpg 300w, https:\/\/shinmuryodojo.com\/wp-content\/uploads\/2016\/04\/mma-366x238.jpg 366w\" sizes=\"(max-width: 395px) 100vw, 395px\" \/><\/a>\n\t\t<\/figure>\n\t<\/div>\n<\/div><\/div><\/div><\/div><div class=\"vc_row wpb_row vc_row-fluid\"><div class=\"wpb_column vc_column_container vc_col-sm-12\"><div class=\"vc_column-inner\"><div class=\"wpb_wrapper\">\n\t<div class=\"wpb_text_column wpb_content_element  wpb_animate_when_almost_visible wpb_appear appear\" >\n\t\t<div class=\"wpb_wrapper\">\n\t\t\t<div>\n<p><span class=\"hasCaption\">Muito fala-se referente o MMA. Os atletas s\u00e3o extremamente profissionais, mas as preocupa\u00e7\u00f5es dos pesquisadores, educadores e m\u00e9dicos, v\u00e3o al\u00e9m do treinamento. Est\u00e3o de olho na viol\u00eancia que o esporte produz. Mas, o que vem a ser viol\u00eancia?<\/span><\/p>\n<p>&#8220;<i>Viol\u00eancia \u00e9 um COMPORTAMENTO QUE CAUSA INTENCIONALMENTE DANO ou intimida\u00e7\u00e3o moral a outra pessoa, ser vivo ou dano a quaisquer\u00a0<\/i><span class=\"text_exposed_show\"><i>objetos. Tal comportamento pode invadir a autonomia, integridade f\u00edsica ou psicol\u00f3gica e mesmo a vida de outro. \u00c9 o uso excessivo de for\u00e7a, al\u00e9m do necess\u00e1rio ou esperado&#8221;. (N\u00facleo da Estudos da viol\u00eancia USP).<\/i>&#8220;<\/span><\/p>\n<p>Em Nova York, a exibi\u00e7\u00e3o e campeonatos de MMA j\u00e1 est\u00e3o proibidos, pois al\u00e9m da periculosidade no esporte, eles n\u00e3o enxergam um meio educacional na pr\u00e1tica.<\/p>\n<p>As Artes Marciais prezam antes de tudo a defesa de si pr\u00f3prio e da fam\u00edlia, caracter\u00edstica herdada pelas lutas e esportes baseadas nas mesmas, nos dias atuais. O conflito consigo mesmo \u00e9 um obst\u00e1culo a ser superado e esse se alcan\u00e7a quando voc\u00ea procura entender a si pr\u00f3prio. Mas, isto n\u00e3o acontece mediante o est\u00edmulo ao combate e principalmente a viol\u00eancia.<\/p>\n<p>Praticar alguma forma de defesa, onde talvez voc\u00ea nunca venha a us\u00e1-la ou nocautear um agressor \u00e9 muito diferente de <span class=\"hasCaption\"><span class=\"text_exposed_show\">voc\u00ea <\/span><\/span><span class=\"hasCaption\"><span class=\"text_exposed_show\">nocautear o advers\u00e1rio no ringue e\/ou oct\u00f3gono. Qual a raz\u00e3o de vencer? Quebrar o advers\u00e1rio no MMA? Alimentar o pr\u00f3prio ego?<\/span><\/span><\/p>\n<p>Obviamente, respeito aos atletas antes de tudo, mas esse esporte \u00e9 extremamente violento e nocivo aos que praticam e com certeza ser\u00e1 aos que assistem. Afinal, um dos prop\u00f3sitos das Artes Marciais \u00e9 formar um ser humano melhor.<\/p>\n<p>Sa\u00fade f\u00edsica? Sa\u00fade Mental?\n<\/p><\/div>\n<div>\n<p><span class=\"hasCaption\"><span class=\"text_exposed_show\">Se <\/span><\/span><span class=\"hasCaption\"><span class=\"text_exposed_show\">voc\u00ea <\/span><\/span><span class=\"hasCaption\"><span class=\"text_exposed_show\">sente-se bem com isso, ou seja, causando dor e sofrimento ao outro, ok!<\/span><\/span><\/p>\n<p>No Canad\u00e1, a Associa\u00e7\u00e3o m\u00e9dica quer proibir a pr\u00e1tica, vejam a mat\u00e9ria abaixo:<\/p>\n<p><strong><i>ASSOCIA\u00c7\u00c3O M\u00c9DICA CANADENSE QUER PROIBIR O MMA<\/i><\/strong><\/p>\n<p>A organiza\u00e7\u00e3o que representa os m\u00e9dicos na BC (British Columbia) est\u00e1 instando os seus hom\u00f3logos de todo o pa\u00eds para solicitar junto ao governo federal para proibir o MMA, um fen\u00f4meno que est\u00e1 crescendo cada vez mais em cidades canadenses. <i><\/i><\/p>\n<p>No m\u00eas passado, Associa\u00e7\u00e3o M\u00e9dica realizou uma reuni\u00e3o de bancada e aprovou uma resolu\u00e7\u00e3o declarando querer que o esporte seja proibido no Canad\u00e1. <i><\/i><\/p>\n<p>Agora, o \u00f3rg\u00e3o que atua como porta voz dos m\u00e9dicos na BC est\u00e1 planejando trazer essa resolu\u00e7\u00e3o para a reuni\u00e3o anual do &#8220;Canadian Medical Association&#8221; em Niagara Falls, Ont\u00e1rio, entre os dias 23 e 25 de agosto. <i><\/i><\/p>\n<p>Se o grupo nacional decidir aprovar a resolu\u00e7\u00e3o, vai pressionar o governo federal para p\u00f4r fim ao MMA no pa\u00eds. <i><\/i><\/p>\n<p>Dr. Ian Gillespie, presidente da organiza\u00e7\u00e3o, disse que a resolu\u00e7\u00e3o foi aprovada porque os m\u00e9dicos est\u00e3o preocupados com a possibilidade de ferimentos graves, incluindo danos cerebrais. <i><\/i><\/p>\n<p>&#8220;N\u00f3s sabemos que h\u00e1 uma s\u00e9rie de les\u00f5es graves que podem ocorrer, incluindo membros quebrados, lacera\u00e7\u00f5es e les\u00f5es cerebrais&#8221;, disse Gillespie. <i><\/i><\/p>\n<p>&#8220;Recentemente, um lutador de MMA foi fazer sua estr\u00e9ia profissional na Carolina do Sul, EUA, morreu de hemorragia cerebral ap\u00f3s ter recebido golpes na cabe\u00e7a. Al\u00e9m desse caso, durante um evento em Vancouver, Canad\u00e1, uma s\u00e9rie de lutadores de MMA receberam atendimento de emerg\u00eancia no Hospital Geral de Vancouver por lacera\u00e7\u00f5es, membros fraturados e grave contus\u00e3o facial. &#8221; <i><\/i><\/p>\n<p>Os defensores do MMA discutem que o esporte n\u00e3o \u00e9 mais perigoso do que outros esportes de contato, como o boxe. <i><\/i><\/p>\n<p>&#8220;Muita gente est\u00e1 convencida de que nosso esporte \u00e9 mais violento e que existem les\u00f5es na cabe\u00e7a mais traum\u00e1ticas do que em esportes como o boxe ou o futebol&#8221;, disse Tom Wright, diretor de opera\u00e7\u00f5es do bra\u00e7o canadense do Ultimate Fighting Championship, a organiza\u00e7\u00e3o n\u00ba1 de MMA do mundo. <i><\/i><\/p>\n<p>Ele citou um estudo da Universidade Johns Hopkins, em 2006, que constatou que, desde o primeiro evento do UFC em 1993, a taxa global de preju\u00edzo no MMA tornou-se semelhante \u00e0 de outros esportes de combate, incluindo o boxe.<\/p>\n<p><i>O estudo disse que as taxas de nocaute no MMA s\u00e3o menores do que no boxe, o que sugere uma taxa reduzida de traumatismo cr\u00e2nio-encef\u00e1lico no MMA em compara\u00e7\u00e3o com outros esportes de combate.<\/i><\/p>\n<p>No entanto, Gillespie disse que o grupo da B.C. assume a posi\u00e7\u00e3o de que as lutas de MMA s\u00e3o mais perigosas do que o boxe por causa de menores regras de seguran\u00e7a.<\/p>\n<p><i>&#8220;\u00c9 nosso entendimento que distingue o MMA da luta de boxe, por exemplo, a utiliza\u00e7\u00e3o de v\u00e1rias t\u00e9cnicas para nocautear o advers\u00e1rio que n\u00e3o est\u00e3o limitados \u00e0 socos e a menos regras de seguran\u00e7a. Por exemplo, o MMA permite que um lutador ataque o advers\u00e1rio no ch\u00e3o e acreditamos que essas coisas aumentem o risco de les\u00e3o grave&#8221;, disse Gillespie.<\/i><\/p>\n<p>Wright disse que o UFC estaria interessado em conversar com os m\u00e9dicos da BC sobre a sua resolu\u00e7\u00e3o &#8220;para dar a nossa perspectiva, para fornecer os nossos dados, para fornecer os nossos fatos porque as pessoas est\u00e3o tomando decis\u00f5es desinformadas.&#8221;<\/p>\n<p><i>Ele acrescentou que na Carolina do Sul, n\u00e3o exige o mesmo teste m\u00e9dico que no UFC, como um teste de resson\u00e2ncia magn\u00e9tica.<\/i><\/p>\n<p>Disse ainda que sua organiza\u00e7\u00e3o trouxe regulamenta\u00e7\u00e3o de seguran\u00e7a para o MMA, como classes de peso e pessoal m\u00e9dico, acrescentando que o esporte precisa ser regulamentado para garantir o maior n\u00edvel de seguran\u00e7a para os atletas.\n<\/p><\/div>\n\n\t\t<\/div>\n\t<\/div>\n<\/div><\/div><\/div><\/div>\n","protected":false},"excerpt":{"rendered":"Muito fala-se referente o MMA. Os atletas s\u00e3o extremamente profissionais, mas as preocupa\u00e7\u00f5es dos pesquisadores, educadores e m\u00e9dicos, v\u00e3o al\u00e9m do treinamento. Est\u00e3o de olho na viol\u00eancia que o esporte","protected":false},"author":1,"featured_media":1473,"comment_status":"open","ping_status":"open","sticky":false,"template":"","format":"standard","meta":{"footnotes":""},"categories":[3],"tags":[],"class_list":["post-1472","post","type-post","status-publish","format-standard","has-post-thumbnail","hentry","category-blog"],"yoast_head":"<!-- This site is optimized with the Yoast SEO plugin v27.4 - https:\/\/yoast.com\/product\/yoast-seo-wordpress\/ -->\n<title>MMA - SA\u00daDE MENTAL E F\u00cdSICA? - SHINB\u014c RY\u016a NINJUTSU | SHINMURY\u014c D\u014cJ\u014c<\/title>\n<meta name=\"robots\" content=\"index, follow, max-snippet:-1, max-image-preview:large, max-video-preview:-1\" \/>\n<link rel=\"canonical\" href=\"https:\/\/shinmuryodojo.com\/en\/mma-saude-mental-e-fisica\/\" \/>\n<meta property=\"og:locale\" content=\"en_US\" \/>\n<meta property=\"og:type\" content=\"article\" \/>\n<meta property=\"og:title\" content=\"MMA - SA\u00daDE MENTAL E F\u00cdSICA? - SHINB\u014c RY\u016a NINJUTSU | SHINMURY\u014c D\u014cJ\u014c\" \/>\n<meta property=\"og:url\" content=\"https:\/\/shinmuryodojo.com\/en\/mma-saude-mental-e-fisica\/\" \/>\n<meta property=\"og:site_name\" content=\"SHINB\u014c RY\u016a NINJUTSU | SHINMURY\u014c D\u014cJ\u014c\" \/>\n<meta property=\"article:publisher\" content=\"https:\/\/www.facebook.com\/BujinkanShinmuryoDojo\" \/>\n<meta property=\"article:author\" content=\"https:\/\/www.facebook.com\/GalleniJunior\" \/>\n<meta property=\"article:published_time\" content=\"2012-03-05T09:16:50+00:00\" \/>\n<meta property=\"article:modified_time\" content=\"2020-09-04T21:16:07+00:00\" \/>\n<meta property=\"og:image\" content=\"https:\/\/shinmuryodojo.com\/wp-content\/uploads\/2016\/04\/mma.jpg\" \/>\n\t<meta property=\"og:image:width\" content=\"395\" \/>\n\t<meta property=\"og:image:height\" content=\"257\" \/>\n\t<meta property=\"og:image:type\" content=\"image\/jpeg\" \/>\n<meta name=\"author\" content=\"Galleni Junior\" \/>\n<meta name=\"twitter:label1\" content=\"Written by\" \/>\n\t<meta name=\"twitter:data1\" content=\"Galleni Junior\" \/>\n\t<meta name=\"twitter:label2\" content=\"Est. reading time\" \/>\n\t<meta name=\"twitter:data2\" content=\"5 minutes\" \/>\n<script type=\"application\/ld+json\" class=\"yoast-schema-graph\">{\"@context\":\"https:\\\/\\\/schema.org\",\"@graph\":[{\"@type\":\"Article\",\"@id\":\"https:\\\/\\\/shinmuryodojo.com\\\/mma-saude-mental-e-fisica\\\/#article\",\"isPartOf\":{\"@id\":\"https:\\\/\\\/shinmuryodojo.com\\\/mma-saude-mental-e-fisica\\\/\"},\"author\":{\"name\":\"Galleni Junior\",\"@id\":\"https:\\\/\\\/shinmuryodojo.com\\\/#\\\/schema\\\/person\\\/b02b6ba1ed95fc1bfd74c2a0f8ff235f\"},\"headline\":\"MMA &#8211; SA\u00daDE MENTAL E F\u00cdSICA?\",\"datePublished\":\"2012-03-05T09:16:50+00:00\",\"dateModified\":\"2020-09-04T21:16:07+00:00\",\"mainEntityOfPage\":{\"@id\":\"https:\\\/\\\/shinmuryodojo.com\\\/mma-saude-mental-e-fisica\\\/\"},\"wordCount\":1015,\"commentCount\":0,\"image\":{\"@id\":\"https:\\\/\\\/shinmuryodojo.com\\\/mma-saude-mental-e-fisica\\\/#primaryimage\"},\"thumbnailUrl\":\"https:\\\/\\\/shinmuryodojo.com\\\/wp-content\\\/uploads\\\/2016\\\/04\\\/mma.jpg\",\"articleSection\":[\"Blog\"],\"inLanguage\":\"en-US\",\"potentialAction\":[{\"@type\":\"CommentAction\",\"name\":\"Comment\",\"target\":[\"https:\\\/\\\/shinmuryodojo.com\\\/mma-saude-mental-e-fisica\\\/#respond\"]}]},{\"@type\":\"WebPage\",\"@id\":\"https:\\\/\\\/shinmuryodojo.com\\\/mma-saude-mental-e-fisica\\\/\",\"url\":\"https:\\\/\\\/shinmuryodojo.com\\\/mma-saude-mental-e-fisica\\\/\",\"name\":\"MMA - SA\u00daDE MENTAL E F\u00cdSICA? - SHINB\u014c RY\u016a NINJUTSU | SHINMURY\u014c D\u014cJ\u014c\",\"isPartOf\":{\"@id\":\"https:\\\/\\\/shinmuryodojo.com\\\/#website\"},\"primaryImageOfPage\":{\"@id\":\"https:\\\/\\\/shinmuryodojo.com\\\/mma-saude-mental-e-fisica\\\/#primaryimage\"},\"image\":{\"@id\":\"https:\\\/\\\/shinmuryodojo.com\\\/mma-saude-mental-e-fisica\\\/#primaryimage\"},\"thumbnailUrl\":\"https:\\\/\\\/shinmuryodojo.com\\\/wp-content\\\/uploads\\\/2016\\\/04\\\/mma.jpg\",\"datePublished\":\"2012-03-05T09:16:50+00:00\",\"dateModified\":\"2020-09-04T21:16:07+00:00\",\"author\":{\"@id\":\"https:\\\/\\\/shinmuryodojo.com\\\/#\\\/schema\\\/person\\\/b02b6ba1ed95fc1bfd74c2a0f8ff235f\"},\"breadcrumb\":{\"@id\":\"https:\\\/\\\/shinmuryodojo.com\\\/mma-saude-mental-e-fisica\\\/#breadcrumb\"},\"inLanguage\":\"en-US\",\"potentialAction\":[{\"@type\":\"ReadAction\",\"target\":[\"https:\\\/\\\/shinmuryodojo.com\\\/mma-saude-mental-e-fisica\\\/\"]}]},{\"@type\":\"ImageObject\",\"inLanguage\":\"en-US\",\"@id\":\"https:\\\/\\\/shinmuryodojo.com\\\/mma-saude-mental-e-fisica\\\/#primaryimage\",\"url\":\"https:\\\/\\\/shinmuryodojo.com\\\/wp-content\\\/uploads\\\/2016\\\/04\\\/mma.jpg\",\"contentUrl\":\"https:\\\/\\\/shinmuryodojo.com\\\/wp-content\\\/uploads\\\/2016\\\/04\\\/mma.jpg\",\"width\":395,\"height\":257},{\"@type\":\"BreadcrumbList\",\"@id\":\"https:\\\/\\\/shinmuryodojo.com\\\/mma-saude-mental-e-fisica\\\/#breadcrumb\",\"itemListElement\":[{\"@type\":\"ListItem\",\"position\":1,\"name\":\"In\u00edcio\",\"item\":\"https:\\\/\\\/shinmuryodojo.com\\\/\"},{\"@type\":\"ListItem\",\"position\":2,\"name\":\"MMA &#8211; SA\u00daDE MENTAL E F\u00cdSICA?\"}]},{\"@type\":\"WebSite\",\"@id\":\"https:\\\/\\\/shinmuryodojo.com\\\/#website\",\"url\":\"https:\\\/\\\/shinmuryodojo.com\\\/\",\"name\":\"SHINB\u014c RY\u016a NINJUTSU | SHINMURY\u014c D\u014cJ\u014c\",\"description\":\"SHIHAN GALLENI JUNIOR\",\"potentialAction\":[{\"@type\":\"SearchAction\",\"target\":{\"@type\":\"EntryPoint\",\"urlTemplate\":\"https:\\\/\\\/shinmuryodojo.com\\\/?s={search_term_string}\"},\"query-input\":{\"@type\":\"PropertyValueSpecification\",\"valueRequired\":true,\"valueName\":\"search_term_string\"}}],\"inLanguage\":\"en-US\"},{\"@type\":\"Person\",\"@id\":\"https:\\\/\\\/shinmuryodojo.com\\\/#\\\/schema\\\/person\\\/b02b6ba1ed95fc1bfd74c2a0f8ff235f\",\"name\":\"Galleni Junior\",\"image\":{\"@type\":\"ImageObject\",\"inLanguage\":\"en-US\",\"@id\":\"https:\\\/\\\/secure.gravatar.com\\\/avatar\\\/2b495ceec042d72df62d0ca2d2a7eee9913109e3a997cfe00091f9bcd75bf9a8?s=96&d=mm&r=g\",\"url\":\"https:\\\/\\\/secure.gravatar.com\\\/avatar\\\/2b495ceec042d72df62d0ca2d2a7eee9913109e3a997cfe00091f9bcd75bf9a8?s=96&d=mm&r=g\",\"contentUrl\":\"https:\\\/\\\/secure.gravatar.com\\\/avatar\\\/2b495ceec042d72df62d0ca2d2a7eee9913109e3a997cfe00091f9bcd75bf9a8?s=96&d=mm&r=g\",\"caption\":\"Galleni Junior\"},\"description\":\"Galleni Junior teve o seu primeiro contato com Artes Marciais aos 4 anos de idade praticando Jud\u014d durante 2 anos, aos 11 anos praticou Tae Kwon Do e aos 13 anos praticou Kung-Fu Shaolin durante 4 anos e meio. Em 1999, aos 20 anos, deu in\u00edcio a pr\u00e1tica de Ninjutsu Bujinkan, onde segue seu caminho at\u00e9 hoje. Em 2005 teve o seu primeiro contato com o Dai-Shihan Christian Petroccello (15\u00ba Dan), disc\u00edpulo direto do S\u014dke Masaaki Hatsumi. Em 21 de Fevereiro de 2010 recebeu do Dai Shihan Christian Petroccello, o nome de seu D\u014dj\u014d: Shinmury\u014d D\u014dj\u014d (Local Onde se Estuda A Verdade Sem Medida). Atualmente leciona na cidade de S\u00e3o Caetano do Sul \u2013 SP, tamb\u00e9m possui disc\u00edpulos em outros estados do Brasil, para onde viaja periodicamente para administrar treinamentos intensivos. A Bujinkan cultiva a paz e harmonia entre os seres humanos atrav\u00e9s do estudo de Artes Marciais. A principal arma de um Bud\u014dka \u00e9 o seu cora\u00e7\u00e3o; com ele, os la\u00e7os de amizade s\u00e3o criados entre os praticantes e o Bud\u014d \u00e9 desenvolvido com ainda mais alegria. Este sentimento, sem d\u00favida, \u00e9 um dos principais focos da Bujinkan D\u014dj\u014d.\",\"sameAs\":[\"https:\\\/\\\/www.bujinkansp.com\",\"https:\\\/\\\/www.facebook.com\\\/GalleniJunior\",\"https:\\\/\\\/instagram.com\\\/bujinkan.shinmuryo.dojo\"],\"url\":\"https:\\\/\\\/shinmuryodojo.com\\\/en\\\/author\\\/junior\\\/\"}]}<\/script>\n<!-- \/ Yoast SEO plugin. -->","yoast_head_json":{"title":"MMA - SA\u00daDE MENTAL E F\u00cdSICA? - SHINB\u014c RY\u016a NINJUTSU | SHINMURY\u014c D\u014cJ\u014c","robots":{"index":"index","follow":"follow","max-snippet":"max-snippet:-1","max-image-preview":"max-image-preview:large","max-video-preview":"max-video-preview:-1"},"canonical":"https:\/\/shinmuryodojo.com\/en\/mma-saude-mental-e-fisica\/","og_locale":"en_US","og_type":"article","og_title":"MMA - SA\u00daDE MENTAL E F\u00cdSICA? - SHINB\u014c RY\u016a NINJUTSU | SHINMURY\u014c D\u014cJ\u014c","og_url":"https:\/\/shinmuryodojo.com\/en\/mma-saude-mental-e-fisica\/","og_site_name":"SHINB\u014c RY\u016a NINJUTSU | SHINMURY\u014c D\u014cJ\u014c","article_publisher":"https:\/\/www.facebook.com\/BujinkanShinmuryoDojo","article_author":"https:\/\/www.facebook.com\/GalleniJunior","article_published_time":"2012-03-05T09:16:50+00:00","article_modified_time":"2020-09-04T21:16:07+00:00","og_image":[{"width":395,"height":257,"url":"https:\/\/shinmuryodojo.com\/wp-content\/uploads\/2016\/04\/mma.jpg","type":"image\/jpeg"}],"author":"Galleni Junior","twitter_misc":{"Written by":"Galleni Junior","Est. reading time":"5 minutes"},"schema":{"@context":"https:\/\/schema.org","@graph":[{"@type":"Article","@id":"https:\/\/shinmuryodojo.com\/mma-saude-mental-e-fisica\/#article","isPartOf":{"@id":"https:\/\/shinmuryodojo.com\/mma-saude-mental-e-fisica\/"},"author":{"name":"Galleni Junior","@id":"https:\/\/shinmuryodojo.com\/#\/schema\/person\/b02b6ba1ed95fc1bfd74c2a0f8ff235f"},"headline":"MMA &#8211; SA\u00daDE MENTAL E F\u00cdSICA?","datePublished":"2012-03-05T09:16:50+00:00","dateModified":"2020-09-04T21:16:07+00:00","mainEntityOfPage":{"@id":"https:\/\/shinmuryodojo.com\/mma-saude-mental-e-fisica\/"},"wordCount":1015,"commentCount":0,"image":{"@id":"https:\/\/shinmuryodojo.com\/mma-saude-mental-e-fisica\/#primaryimage"},"thumbnailUrl":"https:\/\/shinmuryodojo.com\/wp-content\/uploads\/2016\/04\/mma.jpg","articleSection":["Blog"],"inLanguage":"en-US","potentialAction":[{"@type":"CommentAction","name":"Comment","target":["https:\/\/shinmuryodojo.com\/mma-saude-mental-e-fisica\/#respond"]}]},{"@type":"WebPage","@id":"https:\/\/shinmuryodojo.com\/mma-saude-mental-e-fisica\/","url":"https:\/\/shinmuryodojo.com\/mma-saude-mental-e-fisica\/","name":"MMA - SA\u00daDE MENTAL E F\u00cdSICA? - SHINB\u014c RY\u016a NINJUTSU | SHINMURY\u014c D\u014cJ\u014c","isPartOf":{"@id":"https:\/\/shinmuryodojo.com\/#website"},"primaryImageOfPage":{"@id":"https:\/\/shinmuryodojo.com\/mma-saude-mental-e-fisica\/#primaryimage"},"image":{"@id":"https:\/\/shinmuryodojo.com\/mma-saude-mental-e-fisica\/#primaryimage"},"thumbnailUrl":"https:\/\/shinmuryodojo.com\/wp-content\/uploads\/2016\/04\/mma.jpg","datePublished":"2012-03-05T09:16:50+00:00","dateModified":"2020-09-04T21:16:07+00:00","author":{"@id":"https:\/\/shinmuryodojo.com\/#\/schema\/person\/b02b6ba1ed95fc1bfd74c2a0f8ff235f"},"breadcrumb":{"@id":"https:\/\/shinmuryodojo.com\/mma-saude-mental-e-fisica\/#breadcrumb"},"inLanguage":"en-US","potentialAction":[{"@type":"ReadAction","target":["https:\/\/shinmuryodojo.com\/mma-saude-mental-e-fisica\/"]}]},{"@type":"ImageObject","inLanguage":"en-US","@id":"https:\/\/shinmuryodojo.com\/mma-saude-mental-e-fisica\/#primaryimage","url":"https:\/\/shinmuryodojo.com\/wp-content\/uploads\/2016\/04\/mma.jpg","contentUrl":"https:\/\/shinmuryodojo.com\/wp-content\/uploads\/2016\/04\/mma.jpg","width":395,"height":257},{"@type":"BreadcrumbList","@id":"https:\/\/shinmuryodojo.com\/mma-saude-mental-e-fisica\/#breadcrumb","itemListElement":[{"@type":"ListItem","position":1,"name":"In\u00edcio","item":"https:\/\/shinmuryodojo.com\/"},{"@type":"ListItem","position":2,"name":"MMA &#8211; SA\u00daDE MENTAL E F\u00cdSICA?"}]},{"@type":"WebSite","@id":"https:\/\/shinmuryodojo.com\/#website","url":"https:\/\/shinmuryodojo.com\/","name":"SHINB\u014c RY\u016a NINJUTSU | SHINMURY\u014c D\u014cJ\u014c","description":"SHIHAN GALLENI JUNIOR","potentialAction":[{"@type":"SearchAction","target":{"@type":"EntryPoint","urlTemplate":"https:\/\/shinmuryodojo.com\/?s={search_term_string}"},"query-input":{"@type":"PropertyValueSpecification","valueRequired":true,"valueName":"search_term_string"}}],"inLanguage":"en-US"},{"@type":"Person","@id":"https:\/\/shinmuryodojo.com\/#\/schema\/person\/b02b6ba1ed95fc1bfd74c2a0f8ff235f","name":"Galleni Junior","image":{"@type":"ImageObject","inLanguage":"en-US","@id":"https:\/\/secure.gravatar.com\/avatar\/2b495ceec042d72df62d0ca2d2a7eee9913109e3a997cfe00091f9bcd75bf9a8?s=96&d=mm&r=g","url":"https:\/\/secure.gravatar.com\/avatar\/2b495ceec042d72df62d0ca2d2a7eee9913109e3a997cfe00091f9bcd75bf9a8?s=96&d=mm&r=g","contentUrl":"https:\/\/secure.gravatar.com\/avatar\/2b495ceec042d72df62d0ca2d2a7eee9913109e3a997cfe00091f9bcd75bf9a8?s=96&d=mm&r=g","caption":"Galleni Junior"},"description":"Galleni Junior teve o seu primeiro contato com Artes Marciais aos 4 anos de idade praticando Jud\u014d durante 2 anos, aos 11 anos praticou Tae Kwon Do e aos 13 anos praticou Kung-Fu Shaolin durante 4 anos e meio. Em 1999, aos 20 anos, deu in\u00edcio a pr\u00e1tica de Ninjutsu Bujinkan, onde segue seu caminho at\u00e9 hoje. Em 2005 teve o seu primeiro contato com o Dai-Shihan Christian Petroccello (15\u00ba Dan), disc\u00edpulo direto do S\u014dke Masaaki Hatsumi. Em 21 de Fevereiro de 2010 recebeu do Dai Shihan Christian Petroccello, o nome de seu D\u014dj\u014d: Shinmury\u014d D\u014dj\u014d (Local Onde se Estuda A Verdade Sem Medida). Atualmente leciona na cidade de S\u00e3o Caetano do Sul \u2013 SP, tamb\u00e9m possui disc\u00edpulos em outros estados do Brasil, para onde viaja periodicamente para administrar treinamentos intensivos. A Bujinkan cultiva a paz e harmonia entre os seres humanos atrav\u00e9s do estudo de Artes Marciais. A principal arma de um Bud\u014dka \u00e9 o seu cora\u00e7\u00e3o; com ele, os la\u00e7os de amizade s\u00e3o criados entre os praticantes e o Bud\u014d \u00e9 desenvolvido com ainda mais alegria. Este sentimento, sem d\u00favida, \u00e9 um dos principais focos da Bujinkan D\u014dj\u014d.","sameAs":["https:\/\/www.bujinkansp.com","https:\/\/www.facebook.com\/GalleniJunior","https:\/\/instagram.com\/bujinkan.shinmuryo.dojo"],"url":"https:\/\/shinmuryodojo.com\/en\/author\/junior\/"}]}},"_links":{"self":[{"href":"https:\/\/shinmuryodojo.com\/en\/wp-json\/wp\/v2\/posts\/1472","targetHints":{"allow":["GET"]}}],"collection":[{"href":"https:\/\/shinmuryodojo.com\/en\/wp-json\/wp\/v2\/posts"}],"about":[{"href":"https:\/\/shinmuryodojo.com\/en\/wp-json\/wp\/v2\/types\/post"}],"author":[{"embeddable":true,"href":"https:\/\/shinmuryodojo.com\/en\/wp-json\/wp\/v2\/users\/1"}],"replies":[{"embeddable":true,"href":"https:\/\/shinmuryodojo.com\/en\/wp-json\/wp\/v2\/comments?post=1472"}],"version-history":[{"count":1,"href":"https:\/\/shinmuryodojo.com\/en\/wp-json\/wp\/v2\/posts\/1472\/revisions"}],"predecessor-version":[{"id":4045,"href":"https:\/\/shinmuryodojo.com\/en\/wp-json\/wp\/v2\/posts\/1472\/revisions\/4045"}],"wp:featuredmedia":[{"embeddable":true,"href":"https:\/\/shinmuryodojo.com\/en\/wp-json\/wp\/v2\/media\/1473"}],"wp:attachment":[{"href":"https:\/\/shinmuryodojo.com\/en\/wp-json\/wp\/v2\/media?parent=1472"}],"wp:term":[{"taxonomy":"category","embeddable":true,"href":"https:\/\/shinmuryodojo.com\/en\/wp-json\/wp\/v2\/categories?post=1472"},{"taxonomy":"post_tag","embeddable":true,"href":"https:\/\/shinmuryodojo.com\/en\/wp-json\/wp\/v2\/tags?post=1472"}],"curies":[{"name":"wp","href":"https:\/\/api.w.org\/{rel}","templated":true}]}}